{"id":3727,"date":"2018-03-26T16:58:19","date_gmt":"2018-03-26T14:58:19","guid":{"rendered":"https:\/\/www.samita.be\/?p=3727"},"modified":"2018-04-07T10:02:21","modified_gmt":"2018-04-07T08:02:21","slug":"samita-asbl-is-now-a-full-member-of-the-bub","status":"publish","type":"post","link":"https:\/\/www.samita.be\/de\/2018\/03\/26\/samita-asbl-is-now-a-full-member-of-the-bub\/","title":{"rendered":"Samita ASBL ist jetzt Vollmitglied der BUB&#8230; und hatte die erste Gelegenheit, von seinem neuen Stimmrecht Gebrauch zu machen"},"content":{"rendered":"<p>Am 25. M\u00e4rz 2018 stand die Anerkennung von Samita ASBL als vollwertiges assoziiertes Mitglied der BUB (der Buddhistischen Union Belgiens) auf der Tagesordnung der Generalversammlung dieser buddhistischen Dachorganisation. Die Sitzung fand im Nalanda-Institut in Br\u00fcssel statt, und Danny Buysse und Anagarika Sabbamitta nahmen als Vertreter von Samita teil.<\/p>\n<p><img loading=\"lazy\" decoding=\"async\" class=\"aligncenter size-medium wp-image-3728\" src=\"https:\/\/www.samita.be\/wp-content\/uploads\/2018\/03\/IMG_20180325_101423-re35-300x225.jpg\" alt=\"\" width=\"300\" height=\"225\" srcset=\"https:\/\/www.samita.be\/wp-content\/uploads\/2018\/03\/IMG_20180325_101423-re35-300x225.jpg 300w, https:\/\/www.samita.be\/wp-content\/uploads\/2018\/03\/IMG_20180325_101423-re35-768x576.jpg 768w, https:\/\/www.samita.be\/wp-content\/uploads\/2018\/03\/IMG_20180325_101423-re35.jpg 876w\" sizes=\"auto, (max-width: 300px) 100vw, 300px\" \/><\/p>\n<p>Der Sitzungsort war ein wundersch\u00f6ner tibetischer Tempel, und es wurde in zwei Sprachen (Franz\u00f6sisch und Niederl\u00e4ndisch) unter Mithilfe einer Simultandolmetscherin verhandelt, die ausgezeichnete Arbeit leistete.<\/p>\n<p>Samita war \u00fcber ein Jahr lang vorl\u00e4ufiges Mitglied der BUB ohne Stimmrecht gewesen, und die anwesenden Mitgliedsorganisationen stimmten nun f\u00fcr unsere volle Mitgliedschaft. Das war ein wichtiger Augenblick f\u00fcr Samita ASBL!<\/p>\n<p>Unsere Mitgliedschaft in der BUB wird uns helfen, in Belgien besser bekannt zu werden. Zun\u00e4chst sind wir den Vertretern der anderen buddhistischen Organisationen, die zu den Sitzungen kommen, pers\u00f6nlich bekannt, und wir wissen \u00fcber die Aktivit\u00e4ten dieser Gruppen bescheid. Mit einigen von ihnen gibt es gemeinsame Interessen, und m\u00f6glicherweise kann man zu bestimmten Gelegenheiten Kr\u00e4fte und Ressourcen b\u00fcndeln. Auch k\u00f6nnen unsere Veranstaltungen leichter unter Buddhisten und anderen Interessierten in Belgien bekannt gemacht werden. Das Einhalten der vereinsrechtlichen und ethischen Standards der BUB gibt uns eine solidere Grundlage f\u00fcr offizielle Anerkennung. Und sollte die offizielle Anerkennung des Buddhismus als Religion durch den belgischen Staat tats\u00e4chlich Wirklichkeit werden, wird das auch Vorteile f\u00fcr Samita haben, vielleicht sogar in Form einer finanziellen Unterst\u00fctzung.<\/p>\n<p>Nach Samitas offizieller Anerkennung als volles Mitglied stand noch ein anderer Tagesordnungspunkt zur Abstimmung. Das war dann die erste Gelegenheit f\u00fcr Samita, von seinem Stimmrecht Gebrauch zu machen, und wir waren stolz, dass wir f\u00fcr die Unterschrift der BUB unter eine Stellungnahme mit dem Titel &#8218;Umerziehungstherapie hat keinen Platz in der modernen spirituellen Welt&#8216; stimmen konnten.<\/p>\n<hr \/>\n<blockquote>\n<h4>Umerziehungstherapie hat keinen Platz in der modernen medizinischen und spirituellen Welt.<\/h4>\n<h6>Teil A: Januar 2017 &#8218;Stellungnahme gegen Umerziehungstherapie&#8216;<\/h6>\n<p>1. Wir wollen zum Ausdruck bringen, dass die Praxis der Umerziehungstherapie in der modernen Welt keinen Platz hat. Sie ist unethisch und hat sch\u00e4digende Wirkung und beruht nicht auf wissenschaftlichen Grundlagen.<\/p>\n<p>2. Umerziehungstherapie ist eine Therapieform, die von der Annahme ausgeht, dass manche sexuellen Orientierungen oder Geschlechtsidentit\u00e4ten minderwertig seien, und die daher versucht, diese zu ver\u00e4ndern oder zu unterdr\u00fccken.<\/p>\n<p>3. Sexuelle Orientierungen oder Geschlechtsidentit\u00e4ten sind keine psychischen Gesundheitsst\u00f6rungen, obwohl Ausschluss, Stigmatisierung und Vorurteile bei allen davon betroffenen Personen zu psychischen Gesundheitsst\u00f6rungen f\u00fchren k\u00f6nnen.<\/p>\n<p>4. Jede(r), der (die) therapeutische Hilfe sucht, sollte die M\u00f6glichkeit dazu haben, ohne Furcht vor Verurteilung oder den Druck, zu einer Ver\u00e4nderung eines wesentliches Aspektes seiner (ihrer) Identit\u00e4t gezwungen zu werden.<\/p>\n<h6>Teil B: September 2017 Erg\u00e4nzungen &#8218;Umerziehungstherapie hat keinen Platz in der modernen spirituellen Welt&#8216;<\/h6>\n<\/blockquote>\n<blockquote><p>5. Wenn jemand spirituellen Beistand sucht und therapiebed\u00fcrftig ist, sollte ein Verweis ohne Druck erfolgen, auf der Grundlage solider Information und nur an vertrauensw\u00fcrdige, sichere und angemessen ausgebildete Therapeut(inn)en.<\/p><\/blockquote>\n<blockquote><p>6. Eine Pathologisierung gewisser sexueller Orientierungen oder Geschlechtsidentit\u00e4ten durch Umerziehungstherapie besitzt keine medizinische Rechtfertigung und wird daher manchmal als &#8218;Kur f\u00fcr eine nicht existierende Krankheit&#8216; bezeichnet. Medizinische Diagnosen d\u00fcrfen nie missbraucht werden, um pers\u00f6nliche und \/ oder religi\u00f6se moralische Werturteile zu rechtfertigen.<\/p><\/blockquote>\n<blockquote><p>7. Umerziehungstherapie findet h\u00e4ufig im Kontext von Gewalt statt wie etwa erniedrigende und entmenschlichende Sprache, Hetzreden oder die Anwendung k\u00f6rperlicher Gewalt. Solche Formen der Gewalt sind niemals zu rechtfertigen, weder in einem medizinischen noch in einem spirituellen Kontext noch in beidem.<\/p><\/blockquote>\n<blockquote><p>8. Direkte oder indirekte Beteiligung an Umerziehungstherapie ist gleichbedeutend mit einem Versagen bei der Erf\u00fcllung zentraler Aspekte der Verantwortung, die medizinisches und spirituelles Fachpersonal gemeinsam haben: der Schutz derer, die verletzlich sind und unsere Hilfe suchen. Sie ben\u00f6tigen Unterst\u00fctzung, die sicher und vertrauensw\u00fcrdig ist und ihre Pers\u00f6nlichkeitsrechte und ihre menschliche W\u00fcrde respektiert.<\/p><\/blockquote>\n<p><\/p>","protected":false},"excerpt":{"rendered":"<p>Am 25. M\u00e4rz 2018 stand die Anerkennung von Samita ASBL als vollwertiges assoziiertes Mitglied der BUB (der Buddhistischen Union Belgiens) auf der Tagesordnung der Generalversammlung dieser buddhistischen Dachorganisation. Die Sitzung fand im Nalanda-Institut in Br\u00fcssel statt, und Danny Buysse und&#8230;<br \/><a class=\"read-more-button\" href=\"https:\/\/www.samita.be\/de\/2018\/03\/26\/samita-asbl-is-now-a-full-member-of-the-bub\/\">Mehr Lesen<\/a><\/p>\n","protected":false},"author":14,"featured_media":0,"comment_status":"open","ping_status":"open","sticky":false,"template":"","format":"standard","meta":{"footnotes":""},"categories":[1],"tags":[],"class_list":["post-3727","post","type-post","status-publish","format-standard","hentry","category-allgemein"],"_links":{"self":[{"href":"https:\/\/www.samita.be\/de\/wp-json\/wp\/v2\/posts\/3727","targetHints":{"allow":["GET"]}}],"collection":[{"href":"https:\/\/www.samita.be\/de\/wp-json\/wp\/v2\/posts"}],"about":[{"href":"https:\/\/www.samita.be\/de\/wp-json\/wp\/v2\/types\/post"}],"author":[{"embeddable":true,"href":"https:\/\/www.samita.be\/de\/wp-json\/wp\/v2\/users\/14"}],"replies":[{"embeddable":true,"href":"https:\/\/www.samita.be\/de\/wp-json\/wp\/v2\/comments?post=3727"}],"version-history":[{"count":11,"href":"https:\/\/www.samita.be\/de\/wp-json\/wp\/v2\/posts\/3727\/revisions"}],"predecessor-version":[{"id":3807,"href":"https:\/\/www.samita.be\/de\/wp-json\/wp\/v2\/posts\/3727\/revisions\/3807"}],"wp:attachment":[{"href":"https:\/\/www.samita.be\/de\/wp-json\/wp\/v2\/media?parent=3727"}],"wp:term":[{"taxonomy":"category","embeddable":true,"href":"https:\/\/www.samita.be\/de\/wp-json\/wp\/v2\/categories?post=3727"},{"taxonomy":"post_tag","embeddable":true,"href":"https:\/\/www.samita.be\/de\/wp-json\/wp\/v2\/tags?post=3727"}],"curies":[{"name":"wp","href":"https:\/\/api.w.org\/{rel}","templated":true}]}}