{"id":5197,"date":"2020-01-28T10:45:37","date_gmt":"2020-01-28T09:45:37","guid":{"rendered":"https:\/\/www.samita.be\/?p=5197"},"modified":"2020-03-18T16:58:00","modified_gmt":"2020-03-18T15:58:00","slug":"the-gift-of-presence-meditation-with-ayya-anopama","status":"publish","type":"post","link":"https:\/\/www.samita.be\/de\/2020\/01\/28\/the-gift-of-presence-meditation-with-ayya-anopama\/","title":{"rendered":"Das Geschenk der Gegenw\u00e4rtigkeit &#8211; Inter-Meditation mit Ayya Anopama"},"content":{"rendered":"<p>Liebe Freunde,<\/p>\n<p>Leider muss diese Veranstaltung vorerst abgesagt werden. \u00a0Wir wissen noch nicht, was passieren wird, aber der 11. April ist definitiv zu fr\u00fch.<\/p>\n<p>Mit viel Metta,<br \/>\nVen. Vimala<\/p>\n<p><em> 11. April 2020, Kloster Tilorien<br \/>\n<\/em><\/p>\n<p><img loading=\"lazy\" decoding=\"async\" class=\"alignleft wp-image-5198 size-medium\" src=\"https:\/\/www.samita.be\/wp-content\/uploads\/2019\/07\/IMG_9926-225x300.jpg\" alt=\"\" width=\"225\" height=\"300\" srcset=\"https:\/\/www.samita.be\/wp-content\/uploads\/2019\/07\/IMG_9926-225x300.jpg 225w, https:\/\/www.samita.be\/wp-content\/uploads\/2019\/07\/IMG_9926-768x1024.jpg 768w, https:\/\/www.samita.be\/wp-content\/uploads\/2019\/07\/IMG_9926-1170x1560.jpg 1170w\" sizes=\"auto, (max-width: 225px) 100vw, 225px\" \/> Der Tag ist eine Einf\u00fchrung in die Praxis des Einsichts-Dialoges, eine inter-pers\u00f6nliche Mediations-Praxis, um unsere Wachsamkeit im Alltag zu f\u00f6rdern. Sie f\u00fchrt meditatives Gewahrsein, die Lehren des Buddhas und die Kraft zwischenmenschlicher Beziehung zusammen, um befreiende Einsicht und Mitgef\u00fchl zu entwickeln w\u00e4hrend wir unsere Erfahrung des gegenw\u00e4rtigen Augenblicks erforschen.<\/p>\n<p>Wir werden erkunden, wie wir in uns und miteinander v\u00f6llig pr\u00e4sent sein k\u00f6nnen, durch die Kraft verk\u00f6rperten H\u00f6rens und Sprechens. Die Annahme unserer inneren Erfahrungswelten sowie die anderer mit einem offenen Interesse erlaubt f\u00fcr Transformation.<\/p>\n<p>Der Tag beinhaltet Meditation in der Stille, Bewegung und Dialog, paarweise oder mit mehreren, unter pr\u00e4ziser Kontemplationsanleitung.<\/p>\n<p>Unterrichtssprache ist Englisch. Wenn Sie eine \u00dcbersetzung ben\u00f6tigen, fragen Sie uns bitte.<\/p>\n<p>Die Veranstaltung beginnt um 10 Uhr und endet um 17 Uhr.\u00a0 Bitte bringen Sie ein Gericht f\u00fcr Dana mit (Mittagessen um 11 Uhr).<\/p>\n<p><img loading=\"lazy\" decoding=\"async\" class=\"alignleft wp-image-5507 size-medium\" src=\"https:\/\/www.samita.be\/wp-content\/uploads\/2019\/07\/anopama-300x225.jpg\" alt=\"\" width=\"300\" height=\"225\" srcset=\"https:\/\/www.samita.be\/wp-content\/uploads\/2019\/07\/anopama-300x225.jpg 300w, https:\/\/www.samita.be\/wp-content\/uploads\/2019\/07\/anopama-768x576.jpg 768w, https:\/\/www.samita.be\/wp-content\/uploads\/2019\/07\/anopama.jpg 1024w\" sizes=\"auto, (max-width: 300px) 100vw, 300px\" \/>Ayya Anopama wurde in Deutschland geboren und praktiziert Meditation seit 2002. In 2010 gab sie ihre Laufbahn als Kulturmanagerin und Yoga Therapeutin in Gro\u00dfbritannien auf, um als Volunt\u00e4rin im Meditationszentrum Dhamma Dipa in England zu arbeiten. Sie begab sich dann nach Indien, um Pali zu lernen, und in ein l\u00e4ngeres Einzel-Retreat in Myanmar, wo sie von dem Ehrw\u00fcrdigen Pa Auk Sayadaw ihre Ordination als Theravada-Nonne erhielt.<\/p>\n<p>Nach ihrem Training im Pa Auk Tawya Kloster und intensiver Meditationspraxis in Myanmar mit verschiedenen LehrerInnen, u.a. Pa Auk Saydaw, Ashin Tejania und Sayalay Di Pankara, f\u00fchrte sie ihre Reise in den Folgejahren nach Australien, Europa, Indien und USA, wo sie in diversen monastischen Gemeinschaften und Retreat-Zentren praktizierte und mitgestaltete und dabei auch die M\u00f6glichkeit hatte, von Bhikkhu Analayo und Ajahn Brahm sowie von Jestsunma Tenzin Palmo und Mingyur Rinpoche zu lernen. Im Laufe ihres Werdegangs hat sie insgesamt \u00fcber 5 Jahre in Retreat verbracht, meist in der Stille. Ihre Lehre basiert auf dem Fr\u00fchen Buddhismus und schlie\u00dft ebenfalls inter-pers\u00f6nliche Praxis mit ein.<\/p>\n<p>Bitte <a href=\"http:\/\/tilorien.org\/de\/contact\/\">teilen Sie uns mit<\/a>, ob Sie teilnehmen m\u00f6chten.<\/p>","protected":false},"excerpt":{"rendered":"<p>Liebe Freunde, Leider muss diese Veranstaltung vorerst abgesagt werden. \u00a0Wir wissen noch nicht, was passieren wird, aber der 11. April ist definitiv zu fr\u00fch. Mit viel Metta, Ven. Vimala 11. April 2020, Kloster Tilorien Der Tag ist eine Einf\u00fchrung in&#8230;<br \/><a class=\"read-more-button\" href=\"https:\/\/www.samita.be\/de\/2020\/01\/28\/the-gift-of-presence-meditation-with-ayya-anopama\/\">Mehr Lesen<\/a><\/p>\n","protected":false},"author":14,"featured_media":0,"comment_status":"open","ping_status":"open","sticky":false,"template":"","format":"standard","meta":{"footnotes":""},"categories":[1],"tags":[],"class_list":["post-5197","post","type-post","status-publish","format-standard","hentry","category-allgemein"],"_links":{"self":[{"href":"https:\/\/www.samita.be\/de\/wp-json\/wp\/v2\/posts\/5197","targetHints":{"allow":["GET"]}}],"collection":[{"href":"https:\/\/www.samita.be\/de\/wp-json\/wp\/v2\/posts"}],"about":[{"href":"https:\/\/www.samita.be\/de\/wp-json\/wp\/v2\/types\/post"}],"author":[{"embeddable":true,"href":"https:\/\/www.samita.be\/de\/wp-json\/wp\/v2\/users\/14"}],"replies":[{"embeddable":true,"href":"https:\/\/www.samita.be\/de\/wp-json\/wp\/v2\/comments?post=5197"}],"version-history":[{"count":55,"href":"https:\/\/www.samita.be\/de\/wp-json\/wp\/v2\/posts\/5197\/revisions"}],"predecessor-version":[{"id":5697,"href":"https:\/\/www.samita.be\/de\/wp-json\/wp\/v2\/posts\/5197\/revisions\/5697"}],"wp:attachment":[{"href":"https:\/\/www.samita.be\/de\/wp-json\/wp\/v2\/media?parent=5197"}],"wp:term":[{"taxonomy":"category","embeddable":true,"href":"https:\/\/www.samita.be\/de\/wp-json\/wp\/v2\/categories?post=5197"},{"taxonomy":"post_tag","embeddable":true,"href":"https:\/\/www.samita.be\/de\/wp-json\/wp\/v2\/tags?post=5197"}],"curies":[{"name":"wp","href":"https:\/\/api.w.org\/{rel}","templated":true}]}}