{"id":6138,"date":"2020-08-24T16:14:59","date_gmt":"2020-08-24T14:14:59","guid":{"rendered":"https:\/\/www.samita.be\/?p=6138"},"modified":"2020-08-26T18:59:56","modified_gmt":"2020-08-26T16:59:56","slug":"death-meditation-with-ven-vimala-1st-september-2020","status":"publish","type":"post","link":"https:\/\/www.samita.be\/de\/2020\/08\/24\/death-meditation-with-ven-vimala-1st-september-2020\/","title":{"rendered":"Meditation \u00fcber den Tod mit der Ehrw\u00fcrdigen Vimala 1. September 2020"},"content":{"rendered":"<p><\/p>\n<div class=\"gs\">\n<div class=\"\">\n<div id=\":18b\" class=\"ii gt\">\n<div id=\":18a\" class=\"a3s aXjCH \">\n<div dir=\"ltr\">\n<div>\n<p><strong>1. September 2020, <\/strong><\/p>\n<div>\n<p><strong>18:00-19:00 Uhr MESZ (Englisch) <\/strong><\/p>\n<p><strong>19:30-20:30 Uhr MESZ (Deutsch)<\/strong><\/p>\n<p>Am Todestag ihrer Mutter wird die Ehrw\u00fcrdige Vimala ihr zu Ehren eine Meditation \u00fcber den Tod abhalten.<\/p>\n<p>Der Tod ist ein nat\u00fcrlicher Teil des Lebens. Alles, was entsteht, muss eines Tages auch vergehen. Aber wir k\u00f6nnen dankbar auf die guten Zeiten zur\u00fcckblicken, die wir zusammen hatten, w\u00e4hrend derer eine Beziehung uns bereichert hat. Die Ehrw\u00fcrdige Vimala wird eine Skelettmeditation anleiten und \u00fcber die Verg\u00e4nglichkeit von Leben und Tod reflektieren, um uns auf unserer Reise durch das Leben zu helfen.<\/p>\n<p><center><img loading=\"lazy\" decoding=\"async\" class=\"CToWUd a6T\" tabindex=\"0\" src=\"https:\/\/ci6.googleusercontent.com\/proxy\/La2EpzMnd-I1dWDGBO_-0yg9HPEeA9N76w-W0vU7M6J8xwF2D1Sax6ewX_0oNbYgVHxb9NMFkhUE6EhA2vSurJAIeQqytanaFTPVm0R2gWiN4wvtnjyh3RQ_kjNMzQOVNd1LTTrM6zAT6MAar2lxccpv2QTO5ANPiXk=s0-d-e1-ft#https:\/\/gallery.mailchimp.com\/ec02124792787b69fe829237a\/images\/cfff07cc-7f1f-4843-bd6f-e63a8ef69ed2.jpg\" width=\"200\" height=\"266\" \/><\/center><\/div>\n<\/div>\n<p class=\"adL\">Wenn Sie bereits bei unserem iSangha registriert sind, k\u00f6nnen Sie einfach \u00fcber den regul\u00e4ren Zoom-Link teilnehmen. Wenn nicht, k\u00f6nnen Sie die Registrierung auf unserer\u00a0<a href=\"https:\/\/samita.us3.list-manage.com\/track\/click?u=ec02124792787b69fe829237a&amp;id=17bc540e33&amp;e=82487f29d2\" target=\"_blank\" rel=\"noopener noreferrer\" data-saferedirecturl=\"https:\/\/www.google.com\/url?q=https:\/\/samita.us3.list-manage.com\/track\/click?u%3Dec02124792787b69fe829237a%26id%3D17bc540e33%26e%3D82487f29d2&amp;source=gmail&amp;ust=1598360309096000&amp;usg=AFQjCNFPNJJxHtVVstNAIa8G8sqoxRAvgA\">iSangha-Site<\/a>\u00a0nachholen.<\/p>\n<\/div>\n<div class=\"adL\"><\/div>\n<\/div>\n<\/div>\n<div class=\"hi\"><\/div>\n<\/div>\n<\/div>\n<p><\/p>","protected":false},"excerpt":{"rendered":"<p>1. September 2020, 18:00-19:00 Uhr MESZ (Englisch) 19:30-20:30 Uhr MESZ (Deutsch) Am Todestag ihrer Mutter wird die Ehrw\u00fcrdige Vimala ihr zu Ehren eine Meditation \u00fcber den Tod abhalten. Der Tod ist ein nat\u00fcrlicher Teil des Lebens. Alles, was entsteht, muss&#8230;<br \/><a class=\"read-more-button\" href=\"https:\/\/www.samita.be\/de\/2020\/08\/24\/death-meditation-with-ven-vimala-1st-september-2020\/\">Mehr Lesen<\/a><\/p>\n","protected":false},"author":14,"featured_media":0,"comment_status":"open","ping_status":"open","sticky":false,"template":"","format":"standard","meta":{"footnotes":""},"categories":[1],"tags":[],"class_list":["post-6138","post","type-post","status-publish","format-standard","hentry","category-allgemein"],"_links":{"self":[{"href":"https:\/\/www.samita.be\/de\/wp-json\/wp\/v2\/posts\/6138","targetHints":{"allow":["GET"]}}],"collection":[{"href":"https:\/\/www.samita.be\/de\/wp-json\/wp\/v2\/posts"}],"about":[{"href":"https:\/\/www.samita.be\/de\/wp-json\/wp\/v2\/types\/post"}],"author":[{"embeddable":true,"href":"https:\/\/www.samita.be\/de\/wp-json\/wp\/v2\/users\/14"}],"replies":[{"embeddable":true,"href":"https:\/\/www.samita.be\/de\/wp-json\/wp\/v2\/comments?post=6138"}],"version-history":[{"count":4,"href":"https:\/\/www.samita.be\/de\/wp-json\/wp\/v2\/posts\/6138\/revisions"}],"predecessor-version":[{"id":6146,"href":"https:\/\/www.samita.be\/de\/wp-json\/wp\/v2\/posts\/6138\/revisions\/6146"}],"wp:attachment":[{"href":"https:\/\/www.samita.be\/de\/wp-json\/wp\/v2\/media?parent=6138"}],"wp:term":[{"taxonomy":"category","embeddable":true,"href":"https:\/\/www.samita.be\/de\/wp-json\/wp\/v2\/categories?post=6138"},{"taxonomy":"post_tag","embeddable":true,"href":"https:\/\/www.samita.be\/de\/wp-json\/wp\/v2\/tags?post=6138"}],"curies":[{"name":"wp","href":"https:\/\/api.w.org\/{rel}","templated":true}]}}