{"id":2336,"date":"2017-03-24T07:00:27","date_gmt":"2017-03-24T06:00:27","guid":{"rendered":"https:\/\/www.samita.be\/?p=2336"},"modified":"2017-03-30T21:32:02","modified_gmt":"2017-03-30T19:32:02","slug":"peace-festival-ayya-vimala-in-st-vith","status":"publish","type":"post","link":"https:\/\/www.samita.be\/fr\/2017\/03\/24\/peace-festival-ayya-vimala-in-st-vith\/","title":{"rendered":"Festival de la paix: Ayya Vimala \u00e0 St. Vith"},"content":{"rendered":"<p><em>\u00ab\u00a0Bouger et rencontrer\u00a0\u00bb est le motto du <a href=\"http:\/\/friedensfestival.be\/mitmachen\/\" target=\"_blank\">Friedensfestival<\/a> (festival de la paix) de cette ann\u00e9e \u00e0 St. Vith, Belgique, le lundi de P\u00e2ques, 17 Avril 2017. Pour cette occasion Ayya Vimala a \u00e9t\u00e9 invit\u00e9 \u00e0 donner une conf\u00e9rence: 16:00 au Triangel (salle de conf\u00e9rence, 1er \u00e9tage), Vennbahnstr. 2, B-4780 Sankt Vith (conf\u00e9rence en allemand).<\/em><\/p>\n<p>Rencontrez une moniale bouddhiste!<br \/>\nQu&rsquo;est-ce qui bouge une femme occidentale pour qu&rsquo;elle devienne une moniale bouddhiste?<\/p>\n<p>Dans notre \u00e9poque de mondialisation croissante nous entrons de plus en plus en contact avec d&rsquo;autres gens et cultures. Cela peut parfois \u00eatre un peu effrayant, mais si nous nos ouvrons pour la richesse que ces gens ont \u00e0 offrir \u00e7a peut changer notre <img loading=\"lazy\" decoding=\"async\" class=\"alignright size-medium wp-image-244\" src=\"https:\/\/www.samita.be\/wp-content\/uploads\/2016\/01\/inSanti-300x169.jpg\" alt=\"\" width=\"300\" height=\"169\" srcset=\"https:\/\/www.samita.be\/wp-content\/uploads\/2016\/01\/inSanti-300x169.jpg 300w, https:\/\/www.samita.be\/wp-content\/uploads\/2016\/01\/inSanti-768x432.jpg 768w, https:\/\/www.samita.be\/wp-content\/uploads\/2016\/01\/inSanti.jpg 800w\" sizes=\"auto, (max-width: 300px) 100vw, 300px\" \/>vie.<\/p>\n<p>Chacun a au moins entendu parler une fois de la m\u00e9ditation, et les effets positifs qu&rsquo;elle a pour la sant\u00e9 sont de plus en plus reconnus. C&rsquo;est quelque chose que chacun\u00a0peut faire, n&rsquo;importe quel\u00a0\u00e2ge, quelle race ou quelle religion, et ce n&rsquo;est pas non plus n\u00e9cessaire de se faire Bouddhiste pour la pratiquer.<\/p>\n<p>Ayya Vimala parlera sur son propre chemin, comme elle a rencontr\u00e9e la m\u00e9ditation ici en Belgique, et comme elle s&rsquo;est d\u00e9cid\u00e9e \u00e0 poursuivre la vie d&rsquo;une moniale bouddhiste.<\/p>\n<p>Ensuite Ayya Vimala va guider une session de m\u00e9ditation.<\/p>","protected":false},"excerpt":{"rendered":"<p>\u00ab\u00a0Bouger et rencontrer\u00a0\u00bb est le motto du Friedensfestival (festival de la paix) de cette ann\u00e9e \u00e0 St. Vith, Belgique, le lundi de P\u00e2ques, 17 Avril 2017. Pour cette occasion Ayya Vimala a \u00e9t\u00e9 invit\u00e9 \u00e0 donner une conf\u00e9rence: 16:00 au&#8230;<br \/><a class=\"read-more-button\" href=\"https:\/\/www.samita.be\/fr\/2017\/03\/24\/peace-festival-ayya-vimala-in-st-vith\/\">Savoir plus<\/a><\/p>\n","protected":false},"author":14,"featured_media":0,"comment_status":"open","ping_status":"open","sticky":false,"template":"","format":"standard","meta":{"footnotes":""},"categories":[1],"tags":[],"class_list":["post-2336","post","type-post","status-publish","format-standard","hentry","category-allgemein"],"_links":{"self":[{"href":"https:\/\/www.samita.be\/fr\/wp-json\/wp\/v2\/posts\/2336","targetHints":{"allow":["GET"]}}],"collection":[{"href":"https:\/\/www.samita.be\/fr\/wp-json\/wp\/v2\/posts"}],"about":[{"href":"https:\/\/www.samita.be\/fr\/wp-json\/wp\/v2\/types\/post"}],"author":[{"embeddable":true,"href":"https:\/\/www.samita.be\/fr\/wp-json\/wp\/v2\/users\/14"}],"replies":[{"embeddable":true,"href":"https:\/\/www.samita.be\/fr\/wp-json\/wp\/v2\/comments?post=2336"}],"version-history":[{"count":19,"href":"https:\/\/www.samita.be\/fr\/wp-json\/wp\/v2\/posts\/2336\/revisions"}],"predecessor-version":[{"id":2448,"href":"https:\/\/www.samita.be\/fr\/wp-json\/wp\/v2\/posts\/2336\/revisions\/2448"}],"wp:attachment":[{"href":"https:\/\/www.samita.be\/fr\/wp-json\/wp\/v2\/media?parent=2336"}],"wp:term":[{"taxonomy":"category","embeddable":true,"href":"https:\/\/www.samita.be\/fr\/wp-json\/wp\/v2\/categories?post=2336"},{"taxonomy":"post_tag","embeddable":true,"href":"https:\/\/www.samita.be\/fr\/wp-json\/wp\/v2\/tags?post=2336"}],"curies":[{"name":"wp","href":"https:\/\/api.w.org\/{rel}","templated":true}]}}