{"id":4325,"date":"2018-08-10T20:15:22","date_gmt":"2018-08-10T18:15:22","guid":{"rendered":"https:\/\/www.samita.be\/?p=4325"},"modified":"2018-08-22T17:29:12","modified_gmt":"2018-08-22T15:29:12","slug":"open-day-at-tilorien-monastery","status":"publish","type":"post","link":"https:\/\/www.samita.be\/fr\/2018\/08\/10\/open-day-at-tilorien-monastery\/","title":{"rendered":"Journ\u00e9e portes ouvertes au monast\u00e8re Tilorien"},"content":{"rendered":"<p>Nous organisons une journ\u00e9e portes ouvertes au <a href=\"http:\/\/tilorien.org\" target=\"_blank\" rel=\"noopener\">monast\u00e8re Tilorien<\/a>\u00a0le 28 octobre 2018.<\/p>\n<h3>Programme<\/h3>\n<p>10:00: Arriv\u00e9e, introduction de notre projet<\/p>\n<p>11:00: C\u00e9r\u00e9monie de repas, chants, repas en silence, vaisselle<\/p>\n<p>12:30: Conf\u00e9rence: Vie monastique et pratique<\/p>\n<p>13:30: Conf\u00e9rence: Introduction au bouddhisme originel<\/p>\n<p>14:30: Pause th\u00e9<\/p>\n<p>15:00: Introduction \u00e0 la m\u00e9ditation<\/p>\n<p>16:00: Pr\u00e9sentation de photos: Tudong (p\u00e8lerinage) 2017<\/p>\n<p>17:00: Questions &amp; r\u00e9ponses<\/p>\n<p>17:30: Fin, d\u00e9part<\/p>\n<p>&nbsp;<\/p>\n<p>Repas partag\u00e9: Apportez un ou plusieurs plat(s) v\u00e9g\u00e9tarien(s) pour partager, s&rsquo;il vous pla\u00eet.<\/p>\n<p>Le programme peut \u00eatre pr\u00e9sent\u00e9 en anglais, allemand, fran\u00e7ais et n\u00e9erlandais.<\/p>\n<p>&nbsp;<\/p>\n<p><strong>Si vous voulez venir, veuillez-nous envoyer\u00a0<a href=\"http:\/\/tilorien.org\/fr\/contact\/\" target=\"_blank\" rel=\"noopener\">email<\/a>\u00a0pour vous inscrire en pr\u00e9cisant quelles langues vous comprenez.<\/strong><\/p>\n<p>Si vous ne savez pas o\u00f9 se trouve le monast\u00e8re:\u00a0<a href=\"http:\/\/tilorien.org\/fr\/staying\/how-to-find-us\/\" target=\"_blank\" rel=\"noopener\">Voici comment nous trouver<\/a>.<\/p>","protected":false},"excerpt":{"rendered":"<p>Nous organisons une journ\u00e9e portes ouvertes au monast\u00e8re Tilorien\u00a0le 28 octobre 2018. Programme 10:00: Arriv\u00e9e, introduction de notre projet 11:00: C\u00e9r\u00e9monie de repas, chants, repas en silence, vaisselle 12:30: Conf\u00e9rence: Vie monastique et pratique 13:30: Conf\u00e9rence: Introduction au bouddhisme originel&#8230;<br \/><a class=\"read-more-button\" href=\"https:\/\/www.samita.be\/fr\/2018\/08\/10\/open-day-at-tilorien-monastery\/\">Savoir plus<\/a><\/p>\n","protected":false},"author":14,"featured_media":0,"comment_status":"open","ping_status":"open","sticky":false,"template":"","format":"standard","meta":{"footnotes":""},"categories":[1],"tags":[],"class_list":["post-4325","post","type-post","status-publish","format-standard","hentry","category-allgemein"],"_links":{"self":[{"href":"https:\/\/www.samita.be\/fr\/wp-json\/wp\/v2\/posts\/4325","targetHints":{"allow":["GET"]}}],"collection":[{"href":"https:\/\/www.samita.be\/fr\/wp-json\/wp\/v2\/posts"}],"about":[{"href":"https:\/\/www.samita.be\/fr\/wp-json\/wp\/v2\/types\/post"}],"author":[{"embeddable":true,"href":"https:\/\/www.samita.be\/fr\/wp-json\/wp\/v2\/users\/14"}],"replies":[{"embeddable":true,"href":"https:\/\/www.samita.be\/fr\/wp-json\/wp\/v2\/comments?post=4325"}],"version-history":[{"count":17,"href":"https:\/\/www.samita.be\/fr\/wp-json\/wp\/v2\/posts\/4325\/revisions"}],"predecessor-version":[{"id":4350,"href":"https:\/\/www.samita.be\/fr\/wp-json\/wp\/v2\/posts\/4325\/revisions\/4350"}],"wp:attachment":[{"href":"https:\/\/www.samita.be\/fr\/wp-json\/wp\/v2\/media?parent=4325"}],"wp:term":[{"taxonomy":"category","embeddable":true,"href":"https:\/\/www.samita.be\/fr\/wp-json\/wp\/v2\/categories?post=4325"},{"taxonomy":"post_tag","embeddable":true,"href":"https:\/\/www.samita.be\/fr\/wp-json\/wp\/v2\/tags?post=4325"}],"curies":[{"name":"wp","href":"https:\/\/api.w.org\/{rel}","templated":true}]}}