{"id":5243,"date":"2019-08-03T09:43:25","date_gmt":"2019-08-03T07:43:25","guid":{"rendered":"https:\/\/www.samita.be\/?p=5243"},"modified":"2019-09-24T12:03:03","modified_gmt":"2019-09-24T10:03:03","slug":"kathina-celebration-2019","status":"publish","type":"post","link":"https:\/\/www.samita.be\/fr\/2019\/08\/03\/kathina-celebration-2019\/","title":{"rendered":"C\u00e9r\u00e9monie du Kathina 2019"},"content":{"rendered":"<p>Nous avons le plaisir de vous inviter \u00e0 la c\u00e9l\u00e9bration de la journ\u00e9e d&rsquo;offrande pour la saison de <em>Kathina<\/em> au monast\u00e8re de Tilorien le samedi 19 octobre.<\/p>\n<p>La c\u00e9r\u00e9monie du <em>Kathina<\/em> est une occasion tr\u00e8s sp\u00e9ciale pour la communaut\u00e9 bouddhiste de se r\u00e9unir afin de partager le <em>Dhamma<\/em> et de comm\u00e9morer le Triple Joyau. Elle est fond\u00e9e sur la c\u00e9l\u00e9bration de la relation de soutien entre les moines et les la\u00efcs ainsi que sur la promotion de la joie par la g\u00e9n\u00e9rosit\u00e9.<\/p>\n<p>Le mot \u00ab<em>kathina<\/em>\u00bb fait r\u00e9f\u00e9rence \u00e0 une sorte de cadre en bois utilis\u00e9 pour confectionner les robes \u00e0 l\u2019\u00e9poque du Bouddha qui est encore utilis\u00e9 dans certains monast\u00e8res. Le mois qui suit <em>Vassa<\/em> (la retraite de la saison des pluies) est appel\u00e9 la saison de <em>Kathina<\/em>. C\u2019est une p\u00e9riode o\u00f9 les moines r\u00e9parent et cousent de nouvelles robes. Traditionnellement, la communaut\u00e9 la\u00efque offrait des v\u00eatements \u00e0 cette fin.<\/p>\n<p>Conform\u00e9ment au code monastique, une c\u00e9r\u00e9monie compl\u00e8te du <em>Kathina<\/em> n\u00e9cessite qu&rsquo;au moins cinq monastiques pleinement ordonn\u00e9s soient pr\u00e9sents pendant <em>Vassa<\/em>. Cependant, notre journ\u00e9e d&rsquo;offrande de <em>Kathina<\/em>, bien que plus modeste, repr\u00e9sente un moyen formidable pour notre jeune communaut\u00e9 de marquer la fin de <em>Vassa<\/em>. Elle offre aussi aux la\u00efcs l&rsquo;occasion d&rsquo;exprimer leur gratitude pour le soutien spirituel offert par le <em>Sangha<\/em> en fournissant les articles n\u00e9cessaires \u00e0 la vie quotidiennes ou toute autre aide au monast\u00e8re.<\/p>\n<p>La journ\u00e9e se d\u00e9roulera comme suit :<\/p>\n<table>\n<tbody>\n<tr>\n<td>11h00<\/td>\n<td><em>Dana<\/em> (d\u00e9jeuner) et chants. Vous pouvez apporter un plat si vous en avez l&rsquo;occasion.<\/td>\n<\/tr>\n<tr>\n<td>12h30<\/td>\n<td>Procession du <em>Kathina<\/em><\/td>\n<\/tr>\n<tr>\n<td><\/td>\n<td>Offrande d&rsquo;une robe <em>Kathina<\/em> suivie du chant d&rsquo;<em>Anumodana<\/em><\/td>\n<\/tr>\n<tr>\n<td><\/td>\n<td>C\u00e9r\u00e9monie <em>Up\u0101saka\/Up\u0101sika<\/em> et prendre de 5\/8 r\u00e8gles<\/td>\n<\/tr>\n<tr>\n<td><\/td>\n<td>Enseignement sur le <em>Dhamma<\/em> par la Ven. Vimala<\/td>\n<\/tr>\n<tr>\n<td>16h00<\/td>\n<td>M\u00e9ditation guid\u00e9e en groupe<\/td>\n<\/tr>\n<tr>\n<td>17h00<\/td>\n<td>Fin<\/td>\n<\/tr>\n<\/tbody>\n<\/table>\n<p>Si vous souhaitez assister \u00e0 la c\u00e9r\u00e9monie, mais que vous vivez trop loin et souhaitez passer la nuit, veuillez nous en informer d\u00e8s que possible. Au cas o\u00f9 suffisamment de personnes seraient int\u00e9ress\u00e9es, nous pouvons louer une maison de vacances proche du monast\u00e8re \u00e0 cette fin. Si vous pr\u00e9f\u00e9rez louer votre propre logement, veuillez consulter <a href=\"http:\/\/tilorien.org\/fr\/visiting\/\">la page de nos visiteurs<\/a> pour plus d&rsquo;informations.<\/p>\n<p><img loading=\"lazy\" decoding=\"async\" class=\"aligncenter wp-image-5245 size-full\" src=\"https:\/\/www.samita.be\/wp-content\/uploads\/2019\/08\/unnamed-3.jpg\" alt=\"\" width=\"500\" height=\"280\" srcset=\"https:\/\/www.samita.be\/wp-content\/uploads\/2019\/08\/unnamed-3.jpg 500w, https:\/\/www.samita.be\/wp-content\/uploads\/2019\/08\/unnamed-3-300x168.jpg 300w\" sizes=\"auto, (max-width: 500px) 100vw, 500px\" \/><\/p>","protected":false},"excerpt":{"rendered":"<p>Nous avons le plaisir de vous inviter \u00e0 la c\u00e9l\u00e9bration de la journ\u00e9e d&rsquo;offrande pour la saison de Kathina au monast\u00e8re de Tilorien le samedi 19 octobre. La c\u00e9r\u00e9monie du Kathina est une occasion tr\u00e8s sp\u00e9ciale pour la communaut\u00e9 bouddhiste&#8230;<br \/><a class=\"read-more-button\" href=\"https:\/\/www.samita.be\/fr\/2019\/08\/03\/kathina-celebration-2019\/\">Savoir plus<\/a><\/p>\n","protected":false},"author":14,"featured_media":0,"comment_status":"open","ping_status":"open","sticky":false,"template":"","format":"standard","meta":{"footnotes":""},"categories":[1],"tags":[],"class_list":["post-5243","post","type-post","status-publish","format-standard","hentry","category-allgemein"],"_links":{"self":[{"href":"https:\/\/www.samita.be\/fr\/wp-json\/wp\/v2\/posts\/5243","targetHints":{"allow":["GET"]}}],"collection":[{"href":"https:\/\/www.samita.be\/fr\/wp-json\/wp\/v2\/posts"}],"about":[{"href":"https:\/\/www.samita.be\/fr\/wp-json\/wp\/v2\/types\/post"}],"author":[{"embeddable":true,"href":"https:\/\/www.samita.be\/fr\/wp-json\/wp\/v2\/users\/14"}],"replies":[{"embeddable":true,"href":"https:\/\/www.samita.be\/fr\/wp-json\/wp\/v2\/comments?post=5243"}],"version-history":[{"count":36,"href":"https:\/\/www.samita.be\/fr\/wp-json\/wp\/v2\/posts\/5243\/revisions"}],"predecessor-version":[{"id":5305,"href":"https:\/\/www.samita.be\/fr\/wp-json\/wp\/v2\/posts\/5243\/revisions\/5305"}],"wp:attachment":[{"href":"https:\/\/www.samita.be\/fr\/wp-json\/wp\/v2\/media?parent=5243"}],"wp:term":[{"taxonomy":"category","embeddable":true,"href":"https:\/\/www.samita.be\/fr\/wp-json\/wp\/v2\/categories?post=5243"},{"taxonomy":"post_tag","embeddable":true,"href":"https:\/\/www.samita.be\/fr\/wp-json\/wp\/v2\/tags?post=5243"}],"curies":[{"name":"wp","href":"https:\/\/api.w.org\/{rel}","templated":true}]}}