{"id":5331,"date":"2019-10-25T09:58:13","date_gmt":"2019-10-25T07:58:13","guid":{"rendered":"https:\/\/www.samita.be\/?p=5331"},"modified":"2019-11-01T12:11:19","modified_gmt":"2019-11-01T11:11:19","slug":"kathina-at-tilorien-monastery","status":"publish","type":"post","link":"https:\/\/www.samita.be\/fr\/2019\/10\/25\/kathina-at-tilorien-monastery\/","title":{"rendered":"Kathina au Monast\u00e8re de Tilorien"},"content":{"rendered":"<p>C&rsquo;est un samedi apr\u00e8s-midi pluvieux et automnal au petit village d&rsquo;Engreux dans les Ardennes belges. Les deux bras de l\u2019Ourthe se rejoignent ici, au \u00abbout du monde\u00bb, comme le village s\u2019appelle depuis des si\u00e8cles.<\/p>\n<p>Aujourd&rsquo;hui, on peut voir un \u00e9trange cort\u00e8ge d\u00e9ambuler le long d&rsquo;une route g\u00e9n\u00e9ralement emprunt\u00e9e par les randonneurs et, sp\u00e9cialement, par les cyclistes le week-end: quelques personnes v\u00eatues de v\u00eatements particuliers sont \u00e0 l&rsquo;avant de la file. Ils sont suivis par des porteurs d&rsquo;objets divers. Ensuite, la procession fait trois fois le tour de l&rsquo;une des maisons. Celle-ci n\u2019est gu\u00e8re diff\u00e9rente des autres maisons du village, mais son entr\u00e9e arbore un panneau indiquant: \u00ab\u00a0Monast\u00e8re de Tilorien\u00a0\u00bb.<\/p>\n<p><img loading=\"lazy\" decoding=\"async\" class=\"alignleft size-thumbnail wp-image-5334\" src=\"https:\/\/www.samita.be\/wp-content\/uploads\/2019\/10\/025-150x150.jpg\" alt=\"Procession1\" width=\"150\" height=\"150\" \/><img loading=\"lazy\" decoding=\"async\" class=\"alignleft size-thumbnail wp-image-5335\" src=\"https:\/\/www.samita.be\/wp-content\/uploads\/2019\/10\/027-150x150.jpg\" alt=\"Procession2\" width=\"150\" height=\"150\" \/><img loading=\"lazy\" decoding=\"async\" class=\"alignleft size-thumbnail wp-image-5336\" src=\"https:\/\/www.samita.be\/wp-content\/uploads\/2019\/10\/028-150x150.jpg\" alt=\"Procession3\" width=\"150\" height=\"150\" \/>Moins d\u2019un an apr\u00e8s son ouverture, le monast\u00e8re de Tilorien est d\u00e9j\u00e0 bien accept\u00e9 par les habitants d\u2019Engreux. Parmi la vingtaine de personnes qui ont visit\u00e9 le monast\u00e8re \u00e0 l\u2019occasion de<a href=\"https:\/\/www.samita.be\/fr\/2019\/08\/03\/kathina-celebration-2019\/\"> la c\u00e9l\u00e9bration annuelle de Kathina<\/a>, quatre venaient du village, d\u2019autres des environs, d\u2019autres encore d\u2019aussi loin que Londres. Plusieurs invit\u00e9s allemands sont \u00e9galement venus du Limbourg, de Cologne et de Sarrebruck. Le plus jeune visiteur n&rsquo;a m\u00eame pas un an.<\/p>\n<p>Ayya Vimala est \u00e0 l&rsquo;origine du projet de construction d&rsquo;un monast\u00e8re bouddhiste en Belgique ou dans le sud-ouest de l&rsquo;Allemagne. Apr\u00e8s plusieurs ann\u00e9es de pr\u00e9paration, un terrain fut acquis fin 2016 et les travaux de construction du b\u00e2timent principal du monast\u00e8re ont commenc\u00e9 fin 2017. Il comprend une cuisine, une salle de bain, une salle de m\u00e9ditation pouvant accueillir jusqu&rsquo;\u00e0 20 personnes, un petit bureau et deux chambres pour invit\u00e9s. Le monast\u00e8re a \u00e9t\u00e9 inaugur\u00e9 fin octobre 2018.<\/p>\n<p>Depuis lors, un kuti pour les moniales a pu \u00eatre construit sur le terrain. Un permis de construire a \u00e9t\u00e9 accord\u00e9 pour deux autre kutis et les premi\u00e8res \u00e9tapes de la construction de ce kuti double devraient \u00eatre r\u00e9alis\u00e9es en 2020.<\/p>\n<p>On peut lire sur le site Web du monast\u00e8re: \u00abLe monast\u00e8re de Tilorien est une communaut\u00e9 monastique bas\u00e9e sur les enseignements originels du bouddhisme. Nos valeurs sont inspir\u00e9es par la gentillesse, l&rsquo;\u00e9galit\u00e9, l&rsquo;inclusivit\u00e9 et la durabilit\u00e9 environnementale. Nous fournissons un lieu de pratique qui privil\u00e9gie les Bhikkhunis et autres monastiques f\u00e9minines, tout en aidant les personnes LGBTIQ + et les autres groupes sous-repr\u00e9sent\u00e9s \u00e0 se d\u00e9velopper dans le Dhamma. Tilorien accueille tous ceux qui cherchent \u00e0 mettre fin \u00e0 la souffrance et \u00e0 cultiver le bonheur. Nous proposons des enseignements et des retraites bas\u00e9s sur la sagesse et la compassion du Bouddha. \u00bb<\/p>\n<p>Suivons maintenant notre procession \u00e0 l\u2019int\u00e9rieur du b\u00e2timent du monast\u00e8re: un escalier \u00e9troit m\u00e8ne \u00e0 la salle de m\u00e9ditation situ\u00e9e \u00e0 l\u2019\u00e9tage sup\u00e9rieur et elle est aujourd\u2019hui tr\u00e8s remplie. Pour la premi\u00e8re fois dans la br\u00e8ve histoire du monast\u00e8re, une robe de Kathina est offerte au Sangha avec une solennit\u00e9 joyeuse<\/p>\n<p><img loading=\"lazy\" decoding=\"async\" class=\"aligncenter size-medium wp-image-5333\" src=\"https:\/\/www.samita.be\/wp-content\/uploads\/2019\/10\/030-300x200.jpg\" alt=\"Donating Kathina robe\" width=\"300\" height=\"200\" srcset=\"https:\/\/www.samita.be\/wp-content\/uploads\/2019\/10\/030-300x200.jpg 300w, https:\/\/www.samita.be\/wp-content\/uploads\/2019\/10\/030-768x512.jpg 768w, https:\/\/www.samita.be\/wp-content\/uploads\/2019\/10\/030-1024x682.jpg 1024w, https:\/\/www.samita.be\/wp-content\/uploads\/2019\/10\/030-1170x780.jpg 1170w, https:\/\/www.samita.be\/wp-content\/uploads\/2019\/10\/030.jpg 1283w\" sizes=\"auto, (max-width: 300px) 100vw, 300px\" \/><\/p>\n<div id=\"mouseposition-extension-element-full-container\" style=\"position: fixed; top: 0px; left: 0px; right: 0px; bottom: 0px; pointer-events: none; z-index: 2147483647; font-weight: 400;\">\n<div id=\"mouseposition-extension-element-rect-display\" style=\"display: none; position: absolute; background: rgba(255, 255, 255, 0.7); outline: black solid 1px; font-size: 12px; z-index: 2147483647; justify-content: center; align-items: center; user-select: none; cursor: default; color: #000000; font-family: 'Helvetica Neue', Helvetica, Arial, sans-serif; width: 0px; height: 0px;\">\n<pre style=\"flex: 1 1 0%; text-align: center; background-color: rgba(255, 255, 255, 0.7); color: #000000; min-width: 42px; min-height: 12px; transition: all 1s ease 0s;\"><\/pre>\n<\/div>\n<pre id=\"mouseposition-extension-element-coordinate-display\" style=\"position: absolute; display: none; background: #ffffff; font-size: 12px; line-height: 14px; border-radius: 3px; border-width: 1px; border-color: #222222 black #333333; border-style: solid; padding: 3px; z-index: 2147483647; color: #222222; user-select: none; cursor: default; font-family: 'Helvetica Neue', Helvetica, Arial, sans-serif;\"><\/pre>\n<\/div>\n<p><\/p>","protected":false},"excerpt":{"rendered":"<p>C&rsquo;est un samedi apr\u00e8s-midi pluvieux et automnal au petit village d&rsquo;Engreux dans les Ardennes belges. Les deux bras de l\u2019Ourthe se rejoignent ici, au \u00abbout du monde\u00bb, comme le village s\u2019appelle depuis des si\u00e8cles. Aujourd&rsquo;hui, on peut voir un \u00e9trange&#8230;<br \/><a class=\"read-more-button\" href=\"https:\/\/www.samita.be\/fr\/2019\/10\/25\/kathina-at-tilorien-monastery\/\">Savoir plus<\/a><\/p>\n","protected":false},"author":14,"featured_media":0,"comment_status":"open","ping_status":"open","sticky":false,"template":"","format":"standard","meta":{"footnotes":""},"categories":[1],"tags":[],"class_list":["post-5331","post","type-post","status-publish","format-standard","hentry","category-allgemein"],"_links":{"self":[{"href":"https:\/\/www.samita.be\/fr\/wp-json\/wp\/v2\/posts\/5331","targetHints":{"allow":["GET"]}}],"collection":[{"href":"https:\/\/www.samita.be\/fr\/wp-json\/wp\/v2\/posts"}],"about":[{"href":"https:\/\/www.samita.be\/fr\/wp-json\/wp\/v2\/types\/post"}],"author":[{"embeddable":true,"href":"https:\/\/www.samita.be\/fr\/wp-json\/wp\/v2\/users\/14"}],"replies":[{"embeddable":true,"href":"https:\/\/www.samita.be\/fr\/wp-json\/wp\/v2\/comments?post=5331"}],"version-history":[{"count":19,"href":"https:\/\/www.samita.be\/fr\/wp-json\/wp\/v2\/posts\/5331\/revisions"}],"predecessor-version":[{"id":5356,"href":"https:\/\/www.samita.be\/fr\/wp-json\/wp\/v2\/posts\/5331\/revisions\/5356"}],"wp:attachment":[{"href":"https:\/\/www.samita.be\/fr\/wp-json\/wp\/v2\/media?parent=5331"}],"wp:term":[{"taxonomy":"category","embeddable":true,"href":"https:\/\/www.samita.be\/fr\/wp-json\/wp\/v2\/categories?post=5331"},{"taxonomy":"post_tag","embeddable":true,"href":"https:\/\/www.samita.be\/fr\/wp-json\/wp\/v2\/tags?post=5331"}],"curies":[{"name":"wp","href":"https:\/\/api.w.org\/{rel}","templated":true}]}}