{"id":885,"date":"2016-12-31T07:02:41","date_gmt":"2016-12-31T06:02:41","guid":{"rendered":"https:\/\/www.samita.be\/?p=885"},"modified":"2017-01-03T12:39:44","modified_gmt":"2017-01-03T11:39:44","slug":"anything-new-about-the-new-monastery","status":"publish","type":"post","link":"https:\/\/www.samita.be\/fr\/2016\/12\/31\/anything-new-about-the-new-monastery\/","title":{"rendered":"Des nouvelles du nouveau monast\u00e8re?"},"content":{"rendered":"<p>Il y a vingt mois, en mars 2015, nous avons commenc\u00e9 avec un petit nombre\u00a0de personnes (en fait, trois exactement&#8230; ) pour fonder Samita ASBL. Nous savions notre point de d\u00e9part, mais o\u00f9 cela\u00a0nous m\u00e8nerait \u00e9tait totalement incertain.<\/p>\n<p>C&rsquo;est incroyable ce que nous avons r\u00e9alis\u00e9 jusqu&rsquo;\u00e0 pr\u00e9sent: notre petite association a grandi \u00e0 35 membres et plus de 250 abonn\u00e9s \u00e0 la newsletter, qui suivent nos mises \u00e0 jour r\u00e9guli\u00e8res. Le conseil d&rsquo;administration a grandi aussi, de sorte que la charge administrative peut \u00eatre divis\u00e9e sur quelques \u00e9paules de plus. Nous avons achet\u00e9 des terres pour un nouveau monast\u00e8re et vont commencer\u00a0\u00e0 construire l&rsquo;ann\u00e9e prochaine (2017). Nous avons un site web en 4 langues et une page Facebook. Et nous avons organis\u00e9 plusieurs retraites avec des moines et des moniales\u00a0bien connus. Nous avons de la chance\u00a0d&rsquo;\u00eatre soutenus par la g\u00e9n\u00e9rosit\u00e9 de certains donateurs\u00a0principaux et de personnes qui nous ont accord\u00e9 des pr\u00eats, ce qui permettra de commencer par la premi\u00e8re phase de construction du v\u00e9ritable monast\u00e8re.<\/p>\n<p>Qu&rsquo;est-ce que c&rsquo;est exactement la \u00abpremi\u00e8re phase de construction\u00bb? Nous devons \u00eatre un peu modeste par rapport \u00e0 cela\u00a0\ud83d\ude42 Il y aura une petite maison avec des murs et un toit, et l&rsquo;\u00e9lectricit\u00e9 et l&rsquo;eau seront \u00e0 l&rsquo;int\u00e9rieur de la maison. La surface int\u00e9rieure sera d&rsquo;environ 60 m2 (70 m2 les murs inclus, ils seront bien isol\u00e9s). C&rsquo;est d\u00e9j\u00e0\u00a0tout. Notre communaut\u00e9 monastique pourra alors\u00a0camper sous un toit, au moins.<\/p>\n<p><img loading=\"lazy\" decoding=\"async\" class=\"aligncenter size-medium wp-image-911\" src=\"https:\/\/www.samita.be\/wp-content\/uploads\/2016\/11\/IMG_20161122_083533-300x225.jpg\" alt=\"\" width=\"300\" height=\"225\" srcset=\"https:\/\/www.samita.be\/wp-content\/uploads\/2016\/11\/IMG_20161122_083533-300x225.jpg 300w, https:\/\/www.samita.be\/wp-content\/uploads\/2016\/11\/IMG_20161122_083533-768x576.jpg 768w, https:\/\/www.samita.be\/wp-content\/uploads\/2016\/11\/IMG_20161122_083533.jpg 1024w\" sizes=\"auto, (max-width: 300px) 100vw, 300px\" \/><\/p>\n<p>Ensuite, le travail ne\u00a0va que commencer!<\/p>\n<p>En quelques semaines, nous aurons plus d&rsquo;informations sur les v\u00e9ritables co\u00fbts de la nouvelle construction. Ce que les donateurs\u00a0(et ceux qui nous ont accord\u00e9 des\u00a0pr\u00eats) ont d\u00e9j\u00e0 donn\u00e9 jusqu&rsquo;\u00e0 pr\u00e9sent couvrira\u00a0probablement la somme\u00a0n\u00e9cessaire pour la premi\u00e8re phase de construction comme d\u00e9crit ci-dessus, mais rien au-del\u00e0. Pour l&rsquo;\u00e9quipement int\u00e9rieur du b\u00e2timent, nous aurons besoin d&rsquo;acheter des mat\u00e9riaux pour des choses telles que le rev\u00eatement de sol, les murs int\u00e9rieurs, une\u00a0salle de bains et une\u00a0cuisine, plomberie et c\u00e2blage, etc.<\/p>\n<p>Pour l&rsquo;ext\u00e9rieur, nous devrons construire un\u00a0chemin d&rsquo;acc\u00e8s, planter des arbres et des buissons\u00a0(ils prennent beaucoup de temps \u00e0 pousser\u00a0et vont donner\u00a0plus d&rsquo;isolement au monast\u00e8re). Pour les moniales, il nous faut\u00a0b\u00e2tir des <em>koutis<\/em> (cabanes de m\u00e9ditation). \u00c0 long terme, nous pr\u00e9voyons une deuxi\u00e8me maison afin d&rsquo;avoir une salle de m\u00e9ditation appropri\u00e9e et plus d&rsquo;espace pour des h\u00f4tes\u00a0(pas dans le dessin).<\/p>\n<div id=\"attachment_1394\" style=\"width: 610px\" class=\"wp-caption aligncenter\"><img loading=\"lazy\" decoding=\"async\" aria-describedby=\"caption-attachment-1394\" class=\"wp-image-1394\" src=\"https:\/\/www.samita.be\/wp-content\/uploads\/2016\/12\/Screenshot-from-2016-12-14-09-49-14-1024x565.png\" width=\"600\" height=\"331\" srcset=\"https:\/\/www.samita.be\/wp-content\/uploads\/2016\/12\/Screenshot-from-2016-12-14-09-49-14-1024x565.png 1024w, https:\/\/www.samita.be\/wp-content\/uploads\/2016\/12\/Screenshot-from-2016-12-14-09-49-14-300x166.png 300w, https:\/\/www.samita.be\/wp-content\/uploads\/2016\/12\/Screenshot-from-2016-12-14-09-49-14-768x424.png 768w, https:\/\/www.samita.be\/wp-content\/uploads\/2016\/12\/Screenshot-from-2016-12-14-09-49-14-1170x646.png 1170w, https:\/\/www.samita.be\/wp-content\/uploads\/2016\/12\/Screenshot-from-2016-12-14-09-49-14.png 1411w\" sizes=\"auto, (max-width: 600px) 100vw, 600px\" \/><p id=\"caption-attachment-1394\" class=\"wp-caption-text\">Premi\u00e8re phase de construction<\/p><\/div>\n<p>Voil\u00e0, il reste encore beaucoup \u00e0 faire! (<a href=\"https:\/\/www.samita.be\/fr\/monastery-project\/\" target=\"_blank\">Regardz ici<\/a>\u00a0ici pour plus de d\u00e9tails.) Si vous vous sentez inspir\u00e9 par notre projet, il y a de nombreuses mani\u00e8res\u00a0pour nous soutenir. Nous aurons besoin de dons pour acheter les mat\u00e9riaux de construction n\u00e9cessaires, et nous aurons besoin de mains pour proprement faire le travail, ainsi que des connaissances professionnelles\u00a0comme par exemple dans la plomberie. Et, bien s\u00fbr, nous avons besoin de tout votre soutien mental pour que nous ne perdrons pas le courage avec\u00a0ce grand projet!<\/p>\n<p>Dans les <em>suttas<\/em>, il est dit que la construction d&rsquo;un monast\u00e8re est l&rsquo;une des choses les plus m\u00e9ritoires\u00a0que l&rsquo;on puisse faire dans sa vie. Le don\u00a0le plus supr\u00eame\u00a0est le don du <em>Dhamma<\/em>, et afin de pouvoir donner ce don, les monastiques ont besoin d&rsquo;un endroit pour vivre; peut-\u00eatre que c&rsquo;est pourquoi \u00e9tablir un monast\u00e8re est consid\u00e9r\u00e9 si pr\u00e9cieux. Aidez-nous \u00e0 \u00e9tablir ce monast\u00e8re avec Samita! Participez \u00e0 ce grand projet avec nous! Avec un effort commun, nous pourrons r\u00e9aliser nos projets ambitieux, pour le bien\u00a0de beaucoup d&rsquo;\u00eatres!<\/p>\n<p>Si vous souhaitez faire un don pour le\u00a0nouveau monast\u00e8re, vous pouvez utiliser le bouton PayPal ou trouver les coordonn\u00e9es bancaires \u00e0 droite. Tout montant, aussi petit soit-il, est bienvenu!<\/p>\n<p>[paypal-donation]<\/p>\n<p>Si vous voulez aider avec un don de\u00a0travail ou avec vos connaissances professionnelles, <a href=\"https:\/\/www.samita.be\/fr\/contact\/\" target=\"_blank\">contactez-nous<\/a>, s&rsquo;il vous pla\u00eet.<\/p>\n<p>Si vous voulez nous supporter moralement, \u00e9crivez vos commentaires encourageants\u00a0sous cet article, s&rsquo;il vous pla\u00eet \ud83d\ude42 Et propagez\u00a0le message s&rsquo;il vous pla\u00eet: Partagez cet article\u00a0avec vos amis, visitez\u00a0<a href=\"https:\/\/www.facebook.com\/samitaasbl\/\" target=\"_blank\">notre page Facebook<\/a>\u00a0et partagez tout ce que vous aimez l\u00e0!\u00a0<a href=\"https:\/\/www.samita.be\/fr\/about-us\/membership\/\" target=\"_blank\">Devenez membre<\/a>\u00a0de Samita ASBL et suivez nos mises \u00e0 jour r\u00e9guli\u00e8res! Abonnez-vous \u00e0 notre newsletter (sur la barre lat\u00e9rale droite), si vous n&rsquo;\u00eates pas encore sur la liste!<\/p>\n<p>Merci pour\u00a0votre aide!<\/p>\n<p style=\"text-align: center;\"><img loading=\"lazy\" decoding=\"async\" class=\"aligncenter size-medium wp-image-929\" src=\"https:\/\/www.samita.be\/wp-content\/uploads\/2016\/11\/IMG_20161128_102627-300x225.jpg\" alt=\"\" width=\"300\" height=\"225\" srcset=\"https:\/\/www.samita.be\/wp-content\/uploads\/2016\/11\/IMG_20161128_102627-300x225.jpg 300w, https:\/\/www.samita.be\/wp-content\/uploads\/2016\/11\/IMG_20161128_102627-768x576.jpg 768w, https:\/\/www.samita.be\/wp-content\/uploads\/2016\/11\/IMG_20161128_102627.jpg 1024w\" sizes=\"auto, (max-width: 300px) 100vw, 300px\" \/><\/p>\n<p><\/p>","protected":false},"excerpt":{"rendered":"<p>Il y a vingt mois, en mars 2015, nous avons commenc\u00e9 avec un petit nombre\u00a0de personnes (en fait, trois exactement&#8230; ) pour fonder Samita ASBL. Nous savions notre point de d\u00e9part, mais o\u00f9 cela\u00a0nous m\u00e8nerait \u00e9tait totalement incertain. C&rsquo;est incroyable&#8230;<br \/><a class=\"read-more-button\" href=\"https:\/\/www.samita.be\/fr\/2016\/12\/31\/anything-new-about-the-new-monastery\/\">Savoir plus<\/a><\/p>\n","protected":false},"author":14,"featured_media":0,"comment_status":"open","ping_status":"open","sticky":false,"template":"","format":"standard","meta":{"footnotes":""},"categories":[1],"tags":[],"class_list":["post-885","post","type-post","status-publish","format-standard","hentry","category-allgemein"],"_links":{"self":[{"href":"https:\/\/www.samita.be\/fr\/wp-json\/wp\/v2\/posts\/885","targetHints":{"allow":["GET"]}}],"collection":[{"href":"https:\/\/www.samita.be\/fr\/wp-json\/wp\/v2\/posts"}],"about":[{"href":"https:\/\/www.samita.be\/fr\/wp-json\/wp\/v2\/types\/post"}],"author":[{"embeddable":true,"href":"https:\/\/www.samita.be\/fr\/wp-json\/wp\/v2\/users\/14"}],"replies":[{"embeddable":true,"href":"https:\/\/www.samita.be\/fr\/wp-json\/wp\/v2\/comments?post=885"}],"version-history":[{"count":274,"href":"https:\/\/www.samita.be\/fr\/wp-json\/wp\/v2\/posts\/885\/revisions"}],"predecessor-version":[{"id":1588,"href":"https:\/\/www.samita.be\/fr\/wp-json\/wp\/v2\/posts\/885\/revisions\/1588"}],"wp:attachment":[{"href":"https:\/\/www.samita.be\/fr\/wp-json\/wp\/v2\/media?parent=885"}],"wp:term":[{"taxonomy":"category","embeddable":true,"href":"https:\/\/www.samita.be\/fr\/wp-json\/wp\/v2\/categories?post=885"},{"taxonomy":"post_tag","embeddable":true,"href":"https:\/\/www.samita.be\/fr\/wp-json\/wp\/v2\/tags?post=885"}],"curies":[{"name":"wp","href":"https:\/\/api.w.org\/{rel}","templated":true}]}}